{"id":77412,"date":"2026-03-25T09:44:47","date_gmt":"2026-03-25T09:44:47","guid":{"rendered":"https:\/\/www.lemediterranee-argeles.fr\/non-categorise\/argeles-sur-mer-market-days-hours-and-must-see-products\/"},"modified":"2026-03-25T09:44:47","modified_gmt":"2026-03-25T09:44:47","slug":"argeles-sur-mer-market-days-hours-and-must-see-products","status":"publish","type":"post","link":"https:\/\/www.lemediterranee-argeles.fr\/en\/argeles-sur-mer-the-cote-vermeille\/argeles-sur-mer-market-days-hours-and-must-see-products\/","title":{"rendered":"Argel\u00e8s-sur-Mer Market: Days, Hours, and Must-See Products"},"content":{"rendered":"<p>Are you planning your vacation in the Pyr\u00e9n\u00e9es-Orientales or already staying at our <a href=\"https:\/\/www.lemediterranee-argeles.fr\/en\/\">campsite in Argel\u00e8s-sur-Mer<\/a> and wondering when and where the market takes place?<\/p>\n<p>Good news: the seaside resort offers <strong>several markets throughout the week<\/strong>, from the traditional village market to the evening stalls at the port. Here&#8217;s everything you need to know to plan your gourmet mornings and evening strolls! <\/p>\n<h2>Key points to remember<\/h2>\n<ul>\n<li>The traditional Argel\u00e8s-sur-Mer market is held on Wednesday and Saturday mornings, at Place de la R\u00e9publique, year-round, just 3 km from our campsite.<\/li>\n<li>In summer, additional markets are set up at Argel\u00e8s-Plage (Monday, Wednesday, Friday) and at the port (Sunday).<\/li>\n<li>The local and organic produce market takes place on Tuesday mornings at the port, Place du Nouveau Monde, from mid-June to mid-September.<\/li>\n<li>A craft night market brings the port quays to life every evening during the summer season.<\/li>\n<li>Catalan products, seasonal fruits, Alb\u00e8res honey, and Collioure anchovies are among the must-try items.<\/li>\n<\/ul>\n<p><iframe loading=\"lazy\" style=\"border: 0;\" src=\"https:\/\/www.google.com\/maps\/embed?pb=!1m28!1m12!1m3!1d23510.934569629706!2d3.00532310942843!3d42.558120716605856!2m3!1f0!2f0!3f0!3m2!1i1024!2i768!4f13.1!4m13!3e0!4m5!1s0x12b07f00df9c7b27%3A0xb4ba36e6ae36fd56!2sMarch%C3%A9%2C%2066700%20Argel%C3%A8s-sur-Mer%2C%20France!3m2!1d42.5461753!2d3.0230123!4m5!1s0x12b07ec63ba7da5b%3A0x50130140777aa694!2sCamping%20Argel%C3%A8s%20sur%20Mer%20Le%20M%C3%A9diterran%C3%A9e%2C%20Chemin%20du%20Pas%20de%20las%20Baques%2C%2066700%20Argel%C3%A8s-sur-Mer%2C%20France!3m2!1d42.5694308!2d3.0255133!5e0!3m2!1sfr!2smg!4v1774427003535!5m2!1sfr!2smg\" width=\"100%\" height=\"450\" allowfullscreen=\"allowfullscreen\"><\/iframe><\/p>\n<h2>The Traditional Village Market: The Essential Meeting Point<\/h2>\n<p>This is the beating heart of <a href=\"https:\/\/www.lemediterranee-argeles.fr\/argeles-sur-mer\">Argel\u00e8s-sur-Mer<\/a>. Every <strong>Wednesday and Saturday morning, from 7 AM to 1 PM<\/strong>, <strong>Place de la R\u00e9publique<\/strong> welcomes around sixty vendors and producers. Sun-ripened fruits and vegetables, Pyrenean goat cheese, artisanal cured meats, marinated olives: the stalls at the <strong>Argel\u00e8s-sur-Mer market<\/strong> overflow with Mediterranean flavors. The atmosphere is friendly and authentic, far from the tourist hustle. Remember to come early to enjoy the best selection and the freshness of the morning.    <\/p>\n<p><em>&#8220;On Saturday mornings at the village market, you find the soul of Argel\u00e8s. Our advice? Taste the beefsteak tomatoes in season\u2014they&#8217;re nothing like supermarket ones. And never leave without a jar of Alb\u00e8res honey; it&#8217;s the perfect gourmet souvenir.&#8221;<\/em> &#8211; The Le M\u00e9diterran\u00e9e campsite team<\/p>\n<h2>Summer Markets at Argel\u00e8s-Plage and the Port<\/h2>\n<p>From mid-June to mid-September, the resort becomes even livelier thanks to <strong>seasonal markets<\/strong> spread across several locations.<\/p>\n<ul>\n<li><strong>Argel\u00e8s-Plage<\/strong> (Platanes parking lot): traditional market on Monday, Wednesday, and Friday mornings, with fresh produce and beach items.<\/li>\n<li><strong>Port-Argel\u00e8s<\/strong> (Place du Nouveau Monde): local and organic produce market on Tuesday mornings, ideal for discovering <strong>local products through short supply chains<\/strong>.<\/li>\n<li><strong>Port-Argel\u00e8s<\/strong>: producers&#8217; market on Sunday mornings, showcasing the expertise of local farmers and artisans.<\/li>\n<\/ul>\n<p>These summer events perfectly complement the <strong>Argel\u00e8s-sur-Mer village market<\/strong> and allow you to enjoy variety throughout the week.<\/p>\n<h2>The Night Market: Strolling Under the Stars<\/h2>\n<p>When the sun sets, the port quays take on a whole new dimension. From mid-June to mid-September, the <strong>Argel\u00e8s-sur-Mer craft night market<\/strong> welcomes around thirty artisans every evening. Jewelry, natural soaps, pottery, cork bags, decorative items: it&#8217;s the perfect place to find an original souvenir. The atmosphere is relaxed, accompanied by the sea breeze and the port lights. A pleasant stroll to enjoy <strong>with the family after dinner<\/strong>, appealing to both adults and children.    <\/p>\n<p><strong>Visitors&#8217; favorite:<\/strong> the port night market is one of the favorite moments for families vacationing in Argel\u00e8s. The atmosphere is gentle, children stroll freely on the pedestrian quays, and you&#8217;ll find unique handcrafted creations made by passionate artisans from the Catalan region. <\/p>\n<h2>What to Bring Back from the Argel\u00e8s-sur-Mer Market?<\/h2>\n<p>The stalls at the <strong>Argel\u00e8s-sur-Mer markets<\/strong> are a true invitation to discover the flavors of Roussillon. Among the signature products, you&#8217;ll find <strong>Collioure anchovies<\/strong>, refined according to ancestral expertise, <strong>Alb\u00e8res honey<\/strong> with floral aromas, and <strong>C\u00f4tes du Roussillon wines<\/strong>. Those with a sweet tooth will fall for homemade fig jam or tourons, those Catalan almond-based treats. On the savory side, <strong>Lucques olives<\/strong> and farmhouse goat cheese are safe bets.   <\/p>\n<h2>Our Tips for Enjoying the Markets<\/h2>\n<p>A few tips to make your visit to the <strong>Argel\u00e8s-sur-Mer market<\/strong> a success: <\/p>\n<ul>\n<li>Favor <strong>early morning<\/strong> (before 9 AM) to avoid the summer crowds and enjoy the best products.<\/li>\n<li>Bring a <strong>reusable bag<\/strong> and cash to make purchases easier from small producers.<\/li>\n<li>Don&#8217;t hesitate to <strong>chat with the vendors<\/strong>: they gladly share preparation tips and local recipes.<\/li>\n<li>From our campsite, the village center is easily accessible <strong>by bike or shuttle<\/strong>, making the outing even more enjoyable.<\/li>\n<\/ul>\n<p>Are you looking for a stay that combines <strong>relaxation, discovery of Catalan produce, and family moments<\/strong>? The Argel\u00e8s-sur-Mer markets are one of the many reasons that make this destination so charming. What if you settled in a peaceful, tree-lined setting, just 3 kilometers from the colorful stalls? Discover our accommodations at Le M\u00e9diterran\u00e9e campsite and book your next vacation in Argel\u00e8s-sur-Mer now!   <\/p>\n<p><iframe loading=\"lazy\" title=\"Argel\u00e8s-sur-Mer: A New Producers' Market at the Port\" src=\"https:\/\/www.youtube.com\/embed\/A5NUCzUA-dM\" width=\"1500\" height=\"570\" frameborder=\"0\" allowfullscreen=\"allowfullscreen\"><\/iframe><\/p>\n<h2>FAQ &#8211; Argel\u00e8s-sur-Mer Market<\/h2>\n<h3>What are the market days in Argel\u00e8s-sur-Mer?<\/h3>\n<p>The market days in Argel\u00e8s-sur-Mer are <strong>Wednesday and Saturday<\/strong> year-round in the village. In summer, additional markets take place on Monday, Wednesday, and Friday at Argel\u00e8s-Plage, on Tuesday (organic) and Sunday at the port. The craft night market is held every evening from mid-June to mid-September.  <\/p>\n<h3>Where is the traditional Argel\u00e8s-sur-Mer market located?<\/h3>\n<p>The traditional Argel\u00e8s-sur-Mer market is located at <strong>Place de la R\u00e9publique<\/strong>, in the heart of the village. It&#8217;s an open-air market that brings together around sixty vendors offering fruits, vegetables, cheeses, cured meats, and Catalan specialties, in a friendly and authentic atmosphere. <\/p>\n<h3>What time does the Argel\u00e8s-sur-Mer market open?<\/h3>\n<p>The Argel\u00e8s-sur-Mer market opens at <strong>7 AM and closes at 1 PM<\/strong>. For the port night markets, stalls are accessible from 5 PM until around midnight. It&#8217;s recommended to arrive early in the morning for the best selection.  <\/p>\n","protected":false},"excerpt":{"rendered":"<p>Are you planning your vacation in the Pyr\u00e9n\u00e9es-Orientales or already staying at our campsite in Argel\u00e8s-sur-Mer and wondering when and where the market takes place? Good news: the seaside resort offers several markets throughout the week, from the traditional village market to the evening stalls at the port. Here&#8217;s everything you need to know to [&hellip;]<\/p>\n","protected":false},"author":4,"featured_media":77413,"comment_status":"open","ping_status":"closed","sticky":false,"template":"","format":"standard","meta":{"_acf_changed":false,"inline_featured_image":false,"footnotes":""},"categories":[99],"tags":[],"class_list":["post-77412","post","type-post","status-publish","format-standard","has-post-thumbnail","hentry","category-argeles-sur-mer-the-cote-vermeille"],"acf":[],"yoast_head":"<!-- This site is optimized with the Yoast SEO plugin v27.5 - https:\/\/yoast.com\/product\/yoast-seo-wordpress\/ -->\n<title>Argel\u00e8s-sur-Mer Market: Days, Hours, and Must-Sees<\/title>\n<meta name=\"description\" content=\"Local produce, Catalan crafts, night markets: discover the Argel\u00e8s-sur-Mer market, its hours, and our tips to make the most of it.\" \/>\n<meta name=\"robots\" content=\"index, follow, max-snippet:-1, max-image-preview:large, max-video-preview:-1\" \/>\n<link rel=\"canonical\" href=\"https:\/\/www.lemediterranee-argeles.fr\/en\/argeles-sur-mer-the-cote-vermeille\/argeles-sur-mer-market-days-hours-and-must-see-products\/\" \/>\n<meta property=\"og:locale\" content=\"en_US\" \/>\n<meta property=\"og:type\" content=\"article\" \/>\n<meta property=\"og:title\" content=\"Argel\u00e8s-sur-Mer Market: Days, Hours, and Must-Sees\" \/>\n<meta property=\"og:description\" content=\"Local produce, Catalan crafts, night markets: discover the Argel\u00e8s-sur-Mer market, its hours, and our tips to make the most of it.\" \/>\n<meta property=\"og:url\" content=\"https:\/\/www.lemediterranee-argeles.fr\/en\/argeles-sur-mer-the-cote-vermeille\/argeles-sur-mer-market-days-hours-and-must-see-products\/\" \/>\n<meta property=\"og:site_name\" content=\"Camping le M\u00e9diterran\u00e9e \u00e0 Argeles\" \/>\n<meta property=\"article:published_time\" content=\"2026-03-25T09:44:47+00:00\" \/>\n<meta name=\"author\" content=\"camille@premierepage.fr\" \/>\n<meta name=\"twitter:card\" content=\"summary_large_image\" \/>\n<meta name=\"twitter:label1\" content=\"Written by\" \/>\n\t<meta name=\"twitter:data1\" content=\"camille@premierepage.fr\" \/>\n\t<meta name=\"twitter:label2\" content=\"Est. reading time\" \/>\n\t<meta name=\"twitter:data2\" content=\"5 minutes\" \/>\n<script type=\"application\/ld+json\" class=\"yoast-schema-graph\">{\"@context\":\"https:\\\/\\\/schema.org\",\"@graph\":[{\"@type\":\"Article\",\"@id\":\"https:\\\/\\\/www.lemediterranee-argeles.fr\\\/en\\\/argeles-sur-mer-the-cote-vermeille\\\/argeles-sur-mer-market-days-hours-and-must-see-products\\\/#article\",\"isPartOf\":{\"@id\":\"https:\\\/\\\/www.lemediterranee-argeles.fr\\\/en\\\/argeles-sur-mer-the-cote-vermeille\\\/argeles-sur-mer-market-days-hours-and-must-see-products\\\/\"},\"author\":{\"name\":\"camille@premierepage.fr\",\"@id\":\"https:\\\/\\\/www.lemediterranee-argeles.fr\\\/en\\\/#\\\/schema\\\/person\\\/ec436179a8db029338c3e6bb37e69dd1\"},\"headline\":\"Argel\u00e8s-sur-Mer Market: Days, Hours, and Must-See Products\",\"datePublished\":\"2026-03-25T09:44:47+00:00\",\"mainEntityOfPage\":{\"@id\":\"https:\\\/\\\/www.lemediterranee-argeles.fr\\\/en\\\/argeles-sur-mer-the-cote-vermeille\\\/argeles-sur-mer-market-days-hours-and-must-see-products\\\/\"},\"wordCount\":927,\"commentCount\":0,\"image\":{\"@id\":\"https:\\\/\\\/www.lemediterranee-argeles.fr\\\/en\\\/argeles-sur-mer-the-cote-vermeille\\\/argeles-sur-mer-market-days-hours-and-must-see-products\\\/#primaryimage\"},\"thumbnailUrl\":\"https:\\\/\\\/www.lemediterranee-argeles.fr\\\/wp-content\\\/uploads\\\/2026\\\/03\\\/Marche-Argeles-sur-Mer.jpg\",\"articleSection\":[\"Argel\u00e8s sur Mer &amp; the C\u00f4te Vermeille\"],\"inLanguage\":\"en-US\",\"potentialAction\":[{\"@type\":\"CommentAction\",\"name\":\"Comment\",\"target\":[\"https:\\\/\\\/www.lemediterranee-argeles.fr\\\/en\\\/argeles-sur-mer-the-cote-vermeille\\\/argeles-sur-mer-market-days-hours-and-must-see-products\\\/#respond\"]}]},{\"@type\":\"WebPage\",\"@id\":\"https:\\\/\\\/www.lemediterranee-argeles.fr\\\/en\\\/argeles-sur-mer-the-cote-vermeille\\\/argeles-sur-mer-market-days-hours-and-must-see-products\\\/\",\"url\":\"https:\\\/\\\/www.lemediterranee-argeles.fr\\\/en\\\/argeles-sur-mer-the-cote-vermeille\\\/argeles-sur-mer-market-days-hours-and-must-see-products\\\/\",\"name\":\"Argel\u00e8s-sur-Mer Market: Days, Hours, and Must-Sees\",\"isPartOf\":{\"@id\":\"https:\\\/\\\/www.lemediterranee-argeles.fr\\\/en\\\/#website\"},\"primaryImageOfPage\":{\"@id\":\"https:\\\/\\\/www.lemediterranee-argeles.fr\\\/en\\\/argeles-sur-mer-the-cote-vermeille\\\/argeles-sur-mer-market-days-hours-and-must-see-products\\\/#primaryimage\"},\"image\":{\"@id\":\"https:\\\/\\\/www.lemediterranee-argeles.fr\\\/en\\\/argeles-sur-mer-the-cote-vermeille\\\/argeles-sur-mer-market-days-hours-and-must-see-products\\\/#primaryimage\"},\"thumbnailUrl\":\"https:\\\/\\\/www.lemediterranee-argeles.fr\\\/wp-content\\\/uploads\\\/2026\\\/03\\\/Marche-Argeles-sur-Mer.jpg\",\"datePublished\":\"2026-03-25T09:44:47+00:00\",\"author\":{\"@id\":\"https:\\\/\\\/www.lemediterranee-argeles.fr\\\/en\\\/#\\\/schema\\\/person\\\/ec436179a8db029338c3e6bb37e69dd1\"},\"description\":\"Local produce, Catalan crafts, night markets: discover the Argel\u00e8s-sur-Mer market, its hours, and our tips to make the most of it.\",\"breadcrumb\":{\"@id\":\"https:\\\/\\\/www.lemediterranee-argeles.fr\\\/en\\\/argeles-sur-mer-the-cote-vermeille\\\/argeles-sur-mer-market-days-hours-and-must-see-products\\\/#breadcrumb\"},\"inLanguage\":\"en-US\",\"potentialAction\":[{\"@type\":\"ReadAction\",\"target\":[\"https:\\\/\\\/www.lemediterranee-argeles.fr\\\/en\\\/argeles-sur-mer-the-cote-vermeille\\\/argeles-sur-mer-market-days-hours-and-must-see-products\\\/\"]}]},{\"@type\":\"ImageObject\",\"inLanguage\":\"en-US\",\"@id\":\"https:\\\/\\\/www.lemediterranee-argeles.fr\\\/en\\\/argeles-sur-mer-the-cote-vermeille\\\/argeles-sur-mer-market-days-hours-and-must-see-products\\\/#primaryimage\",\"url\":\"https:\\\/\\\/www.lemediterranee-argeles.fr\\\/wp-content\\\/uploads\\\/2026\\\/03\\\/Marche-Argeles-sur-Mer.jpg\",\"contentUrl\":\"https:\\\/\\\/www.lemediterranee-argeles.fr\\\/wp-content\\\/uploads\\\/2026\\\/03\\\/Marche-Argeles-sur-Mer.jpg\",\"width\":1276,\"height\":707,\"caption\":\"March\u00e9 Argel\u00e8s Sur Mer\"},{\"@type\":\"BreadcrumbList\",\"@id\":\"https:\\\/\\\/www.lemediterranee-argeles.fr\\\/en\\\/argeles-sur-mer-the-cote-vermeille\\\/argeles-sur-mer-market-days-hours-and-must-see-products\\\/#breadcrumb\",\"itemListElement\":[{\"@type\":\"ListItem\",\"position\":1,\"name\":\"Camping Argel\u00e8s-sur-Mer\",\"item\":\"https:\\\/\\\/www.lemediterranee-argeles.fr\\\/en\\\/\"},{\"@type\":\"ListItem\",\"position\":2,\"name\":\"Non cat\u00e9goris\u00e9\",\"item\":\"https:\\\/\\\/www.lemediterranee-argeles.fr\\\/en\\\/.\\\/non-categorise\\\/\"},{\"@type\":\"ListItem\",\"position\":3,\"name\":\"Markets and Local Produce\"}]},{\"@type\":\"WebSite\",\"@id\":\"https:\\\/\\\/www.lemediterranee-argeles.fr\\\/en\\\/#website\",\"url\":\"https:\\\/\\\/www.lemediterranee-argeles.fr\\\/en\\\/\",\"name\":\"Camping Le M\u00e9diterran\u00e9e Argel\u00e8s\",\"description\":\"\",\"potentialAction\":[{\"@type\":\"SearchAction\",\"target\":{\"@type\":\"EntryPoint\",\"urlTemplate\":\"https:\\\/\\\/www.lemediterranee-argeles.fr\\\/en\\\/?s={search_term_string}\"},\"query-input\":{\"@type\":\"PropertyValueSpecification\",\"valueRequired\":true,\"valueName\":\"search_term_string\"}}],\"inLanguage\":\"en-US\"},{\"@type\":\"Person\",\"@id\":\"https:\\\/\\\/www.lemediterranee-argeles.fr\\\/en\\\/#\\\/schema\\\/person\\\/ec436179a8db029338c3e6bb37e69dd1\",\"name\":\"camille@premierepage.fr\",\"image\":{\"@type\":\"ImageObject\",\"inLanguage\":\"en-US\",\"@id\":\"https:\\\/\\\/secure.gravatar.com\\\/avatar\\\/02d6d3c0cad32d9a6742633807dd2661099e179a02e88ab3dd632f91dd4a4e51?s=96&d=mm&r=g\",\"url\":\"https:\\\/\\\/secure.gravatar.com\\\/avatar\\\/02d6d3c0cad32d9a6742633807dd2661099e179a02e88ab3dd632f91dd4a4e51?s=96&d=mm&r=g\",\"contentUrl\":\"https:\\\/\\\/secure.gravatar.com\\\/avatar\\\/02d6d3c0cad32d9a6742633807dd2661099e179a02e88ab3dd632f91dd4a4e51?s=96&d=mm&r=g\",\"caption\":\"camille@premierepage.fr\"}}]}<\/script>\n<!-- \/ Yoast SEO plugin. -->","yoast_head_json":{"title":"Argel\u00e8s-sur-Mer Market: Days, Hours, and Must-Sees","description":"Local produce, Catalan crafts, night markets: discover the Argel\u00e8s-sur-Mer market, its hours, and our tips to make the most of it.","robots":{"index":"index","follow":"follow","max-snippet":"max-snippet:-1","max-image-preview":"max-image-preview:large","max-video-preview":"max-video-preview:-1"},"canonical":"https:\/\/www.lemediterranee-argeles.fr\/en\/argeles-sur-mer-the-cote-vermeille\/argeles-sur-mer-market-days-hours-and-must-see-products\/","og_locale":"en_US","og_type":"article","og_title":"Argel\u00e8s-sur-Mer Market: Days, Hours, and Must-Sees","og_description":"Local produce, Catalan crafts, night markets: discover the Argel\u00e8s-sur-Mer market, its hours, and our tips to make the most of it.","og_url":"https:\/\/www.lemediterranee-argeles.fr\/en\/argeles-sur-mer-the-cote-vermeille\/argeles-sur-mer-market-days-hours-and-must-see-products\/","og_site_name":"Camping le M\u00e9diterran\u00e9e \u00e0 Argeles","article_published_time":"2026-03-25T09:44:47+00:00","author":"camille@premierepage.fr","twitter_card":"summary_large_image","twitter_misc":{"Written by":"camille@premierepage.fr","Est. reading time":"5 minutes"},"schema":{"@context":"https:\/\/schema.org","@graph":[{"@type":"Article","@id":"https:\/\/www.lemediterranee-argeles.fr\/en\/argeles-sur-mer-the-cote-vermeille\/argeles-sur-mer-market-days-hours-and-must-see-products\/#article","isPartOf":{"@id":"https:\/\/www.lemediterranee-argeles.fr\/en\/argeles-sur-mer-the-cote-vermeille\/argeles-sur-mer-market-days-hours-and-must-see-products\/"},"author":{"name":"camille@premierepage.fr","@id":"https:\/\/www.lemediterranee-argeles.fr\/en\/#\/schema\/person\/ec436179a8db029338c3e6bb37e69dd1"},"headline":"Argel\u00e8s-sur-Mer Market: Days, Hours, and Must-See Products","datePublished":"2026-03-25T09:44:47+00:00","mainEntityOfPage":{"@id":"https:\/\/www.lemediterranee-argeles.fr\/en\/argeles-sur-mer-the-cote-vermeille\/argeles-sur-mer-market-days-hours-and-must-see-products\/"},"wordCount":927,"commentCount":0,"image":{"@id":"https:\/\/www.lemediterranee-argeles.fr\/en\/argeles-sur-mer-the-cote-vermeille\/argeles-sur-mer-market-days-hours-and-must-see-products\/#primaryimage"},"thumbnailUrl":"https:\/\/www.lemediterranee-argeles.fr\/wp-content\/uploads\/2026\/03\/Marche-Argeles-sur-Mer.jpg","articleSection":["Argel\u00e8s sur Mer &amp; the C\u00f4te Vermeille"],"inLanguage":"en-US","potentialAction":[{"@type":"CommentAction","name":"Comment","target":["https:\/\/www.lemediterranee-argeles.fr\/en\/argeles-sur-mer-the-cote-vermeille\/argeles-sur-mer-market-days-hours-and-must-see-products\/#respond"]}]},{"@type":"WebPage","@id":"https:\/\/www.lemediterranee-argeles.fr\/en\/argeles-sur-mer-the-cote-vermeille\/argeles-sur-mer-market-days-hours-and-must-see-products\/","url":"https:\/\/www.lemediterranee-argeles.fr\/en\/argeles-sur-mer-the-cote-vermeille\/argeles-sur-mer-market-days-hours-and-must-see-products\/","name":"Argel\u00e8s-sur-Mer Market: Days, Hours, and Must-Sees","isPartOf":{"@id":"https:\/\/www.lemediterranee-argeles.fr\/en\/#website"},"primaryImageOfPage":{"@id":"https:\/\/www.lemediterranee-argeles.fr\/en\/argeles-sur-mer-the-cote-vermeille\/argeles-sur-mer-market-days-hours-and-must-see-products\/#primaryimage"},"image":{"@id":"https:\/\/www.lemediterranee-argeles.fr\/en\/argeles-sur-mer-the-cote-vermeille\/argeles-sur-mer-market-days-hours-and-must-see-products\/#primaryimage"},"thumbnailUrl":"https:\/\/www.lemediterranee-argeles.fr\/wp-content\/uploads\/2026\/03\/Marche-Argeles-sur-Mer.jpg","datePublished":"2026-03-25T09:44:47+00:00","author":{"@id":"https:\/\/www.lemediterranee-argeles.fr\/en\/#\/schema\/person\/ec436179a8db029338c3e6bb37e69dd1"},"description":"Local produce, Catalan crafts, night markets: discover the Argel\u00e8s-sur-Mer market, its hours, and our tips to make the most of it.","breadcrumb":{"@id":"https:\/\/www.lemediterranee-argeles.fr\/en\/argeles-sur-mer-the-cote-vermeille\/argeles-sur-mer-market-days-hours-and-must-see-products\/#breadcrumb"},"inLanguage":"en-US","potentialAction":[{"@type":"ReadAction","target":["https:\/\/www.lemediterranee-argeles.fr\/en\/argeles-sur-mer-the-cote-vermeille\/argeles-sur-mer-market-days-hours-and-must-see-products\/"]}]},{"@type":"ImageObject","inLanguage":"en-US","@id":"https:\/\/www.lemediterranee-argeles.fr\/en\/argeles-sur-mer-the-cote-vermeille\/argeles-sur-mer-market-days-hours-and-must-see-products\/#primaryimage","url":"https:\/\/www.lemediterranee-argeles.fr\/wp-content\/uploads\/2026\/03\/Marche-Argeles-sur-Mer.jpg","contentUrl":"https:\/\/www.lemediterranee-argeles.fr\/wp-content\/uploads\/2026\/03\/Marche-Argeles-sur-Mer.jpg","width":1276,"height":707,"caption":"March\u00e9 Argel\u00e8s Sur Mer"},{"@type":"BreadcrumbList","@id":"https:\/\/www.lemediterranee-argeles.fr\/en\/argeles-sur-mer-the-cote-vermeille\/argeles-sur-mer-market-days-hours-and-must-see-products\/#breadcrumb","itemListElement":[{"@type":"ListItem","position":1,"name":"Camping Argel\u00e8s-sur-Mer","item":"https:\/\/www.lemediterranee-argeles.fr\/en\/"},{"@type":"ListItem","position":2,"name":"Non cat\u00e9goris\u00e9","item":"https:\/\/www.lemediterranee-argeles.fr\/en\/.\/non-categorise\/"},{"@type":"ListItem","position":3,"name":"Markets and Local Produce"}]},{"@type":"WebSite","@id":"https:\/\/www.lemediterranee-argeles.fr\/en\/#website","url":"https:\/\/www.lemediterranee-argeles.fr\/en\/","name":"Camping Le M\u00e9diterran\u00e9e Argel\u00e8s","description":"","potentialAction":[{"@type":"SearchAction","target":{"@type":"EntryPoint","urlTemplate":"https:\/\/www.lemediterranee-argeles.fr\/en\/?s={search_term_string}"},"query-input":{"@type":"PropertyValueSpecification","valueRequired":true,"valueName":"search_term_string"}}],"inLanguage":"en-US"},{"@type":"Person","@id":"https:\/\/www.lemediterranee-argeles.fr\/en\/#\/schema\/person\/ec436179a8db029338c3e6bb37e69dd1","name":"camille@premierepage.fr","image":{"@type":"ImageObject","inLanguage":"en-US","@id":"https:\/\/secure.gravatar.com\/avatar\/02d6d3c0cad32d9a6742633807dd2661099e179a02e88ab3dd632f91dd4a4e51?s=96&d=mm&r=g","url":"https:\/\/secure.gravatar.com\/avatar\/02d6d3c0cad32d9a6742633807dd2661099e179a02e88ab3dd632f91dd4a4e51?s=96&d=mm&r=g","contentUrl":"https:\/\/secure.gravatar.com\/avatar\/02d6d3c0cad32d9a6742633807dd2661099e179a02e88ab3dd632f91dd4a4e51?s=96&d=mm&r=g","caption":"camille@premierepage.fr"}}]}},"_links":{"self":[{"href":"https:\/\/www.lemediterranee-argeles.fr\/en\/wp-json\/wp\/v2\/posts\/77412","targetHints":{"allow":["GET"]}}],"collection":[{"href":"https:\/\/www.lemediterranee-argeles.fr\/en\/wp-json\/wp\/v2\/posts"}],"about":[{"href":"https:\/\/www.lemediterranee-argeles.fr\/en\/wp-json\/wp\/v2\/types\/post"}],"author":[{"embeddable":true,"href":"https:\/\/www.lemediterranee-argeles.fr\/en\/wp-json\/wp\/v2\/users\/4"}],"replies":[{"embeddable":true,"href":"https:\/\/www.lemediterranee-argeles.fr\/en\/wp-json\/wp\/v2\/comments?post=77412"}],"version-history":[{"count":0,"href":"https:\/\/www.lemediterranee-argeles.fr\/en\/wp-json\/wp\/v2\/posts\/77412\/revisions"}],"wp:featuredmedia":[{"embeddable":true,"href":"https:\/\/www.lemediterranee-argeles.fr\/en\/wp-json\/wp\/v2\/media\/77413"}],"wp:attachment":[{"href":"https:\/\/www.lemediterranee-argeles.fr\/en\/wp-json\/wp\/v2\/media?parent=77412"}],"wp:term":[{"taxonomy":"category","embeddable":true,"href":"https:\/\/www.lemediterranee-argeles.fr\/en\/wp-json\/wp\/v2\/categories?post=77412"},{"taxonomy":"post_tag","embeddable":true,"href":"https:\/\/www.lemediterranee-argeles.fr\/en\/wp-json\/wp\/v2\/tags?post=77412"}],"curies":[{"name":"wp","href":"https:\/\/api.w.org\/{rel}","templated":true}]}}