{"id":77408,"date":"2026-03-25T09:44:47","date_gmt":"2026-03-25T09:44:47","guid":{"rendered":"https:\/\/www.lemediterranee-argeles.fr\/sin-categoria\/mercado-de-argeles-sur-mer-dias-horarios-y-productos-imprescindibles\/"},"modified":"2026-03-25T09:44:47","modified_gmt":"2026-03-25T09:44:47","slug":"mercado-de-argeles-sur-mer-dias-horarios-y-productos-imprescindibles","status":"publish","type":"post","link":"https:\/\/www.lemediterranee-argeles.fr\/es\/argeles-sur-mer-la-costa-bermeja\/mercado-de-argeles-sur-mer-dias-horarios-y-productos-imprescindibles\/","title":{"rendered":"Mercado de Argel\u00e8s-sur-Mer: d\u00edas, horarios y productos imprescindibles"},"content":{"rendered":"<p>\u00bfEst\u00e1s preparando tus vacaciones en los Pirineos Orientales o ya est\u00e1s alojado en nuestro <a href=\"https:\/\/www.lemediterranee-argeles.fr\/es\/\">camping en Argel\u00e8s-sur-Mer<\/a> y te preguntas cu\u00e1ndo y d\u00f3nde se celebra el mercado?<\/p>\n<p>Buenas noticias: la localidad costera ofrece <strong>varios mercados durante toda la semana<\/strong>, desde el tradicional mercado del pueblo hasta los puestos nocturnos del puerto. \u00a1Aqu\u00ed tienes todo lo que necesitas saber para organizar tus ma\u00f1anas gastron\u00f3micas y tus paseos nocturnos! <\/p>\n<h2>Lo esencial<\/h2>\n<ul>\n<li>El mercado tradicional de Argel\u00e8s-sur-Mer se celebra los mi\u00e9rcoles y s\u00e1bados por la ma\u00f1ana, en la plaza de la Rep\u00fablica, durante todo el a\u00f1o, a solo 3 km de nuestro camping.<\/li>\n<li>En verano, se instalan mercados adicionales en Argel\u00e8s-Plage (lunes, mi\u00e9rcoles, viernes) y en el puerto (domingo).<\/li>\n<li>El mercado de productos locales y ecol\u00f3gicos tiene lugar los martes por la ma\u00f1ana en el puerto, plaza del Nuevo Mundo, de mediados de junio a mediados de septiembre.<\/li>\n<li>Un mercado artesanal nocturno anima los muelles del puerto todas las noches durante la temporada estival.<\/li>\n<li>Productos catalanes, frutas de temporada, miel de Les Alberes y anchoas de Collioure son algunos de los imprescindibles que debes probar.<\/li>\n<\/ul>\n<p><iframe loading=\"lazy\" style=\"border: 0;\" src=\"https:\/\/www.google.com\/maps\/embed?pb=!1m28!1m12!1m3!1d23510.934569629706!2d3.00532310942843!3d42.558120716605856!2m3!1f0!2f0!3f0!3m2!1i1024!2i768!4f13.1!4m13!3e0!4m5!1s0x12b07f00df9c7b27%3A0xb4ba36e6ae36fd56!2sMarch%C3%A9%2C%2066700%20Argel%C3%A8s-sur-Mer%2C%20France!3m2!1d42.5461753!2d3.0230123!4m5!1s0x12b07ec63ba7da5b%3A0x50130140777aa694!2sCamping%20Argel%C3%A8s%20sur%20Mer%20Le%20M%C3%A9diterran%C3%A9e%2C%20Chemin%20du%20Pas%20de%20las%20Baques%2C%2066700%20Argel%C3%A8s-sur-Mer%2C%20France!3m2!1d42.5694308!2d3.0255133!5e0!3m2!1sfr!2smg!4v1774427003535!5m2!1sfr!2smg\" width=\"100%\" height=\"450\" allowfullscreen=\"allowfullscreen\"><\/iframe><\/p>\n<h2>El mercado tradicional del pueblo: la cita ineludible<\/h2>\n<p>Es el coraz\u00f3n palpitante de <a href=\"https:\/\/www.lemediterranee-argeles.fr\/argeles-sur-mer\">Argel\u00e8s-sur-Mer<\/a>. Cada <strong>mi\u00e9rcoles y s\u00e1bado por la ma\u00f1ana, de 7:00 a 13:00<\/strong>, la <strong>plaza de la Rep\u00fablica<\/strong> acoge a unos sesenta comerciantes y productores. Frutas y verduras ba\u00f1adas por el sol, quesos de cabra de los Pirineos, embutidos artesanales, aceitunas marinadas: los puestos del <strong>mercado de Argel\u00e8s-sur-Mer<\/strong> rebosan de sabores mediterr\u00e1neos. El ambiente es agradable y aut\u00e9ntico, lejos del bullicio tur\u00edstico. Ac\u00e9rcate temprano para disfrutar de la mejor selecci\u00f3n y la frescura de la ma\u00f1ana.    <\/p>\n<p><em>\u00abEl s\u00e1bado por la ma\u00f1ana en el mercado del pueblo, se reencuentra el alma de Argel\u00e8s. \u00bfNuestro consejo? Prueba los tomates coraz\u00f3n de buey en plena temporada, no tienen nada que ver con los del supermercado. Y nunca te vayas sin un tarro de miel de Les Alberes, es el recuerdo gourmet perfecto.\u00bb<\/em> - El equipo del camping Le M\u00e9diterran\u00e9e<\/p>\n<h2>Los mercados de verano en Argel\u00e8s-Plage y en el puerto<\/h2>\n<p>De mediados de junio a mediados de septiembre, la localidad se anima a\u00fan m\u00e1s gracias a los <strong>mercados de temporada<\/strong> distribuidos en varios lugares.<\/p>\n<ul>\n<li><strong>Argel\u00e8s-Plage<\/strong> (aparcamiento de los Platanes): mercado tradicional los lunes, mi\u00e9rcoles y viernes por la ma\u00f1ana, con productos frescos y art\u00edculos de playa.<\/li>\n<li><strong>Port-Argel\u00e8s<\/strong> (plaza del Nuevo Mundo): mercado de productos locales y ecol\u00f3gicos los martes por la ma\u00f1ana, ideal para descubrir los <strong>productos locales de circuito corto<\/strong>.<\/li>\n<li><strong>Port-Argel\u00e8s<\/strong>: mercado de productores los domingos por la ma\u00f1ana, que pone en valor el saber hacer de los agricultores y artesanos de la regi\u00f3n.<\/li>\n<\/ul>\n<p>Estas citas estivales complementan a la perfecci\u00f3n el <strong>mercado del pueblo de Argel\u00e8s-sur-Mer<\/strong> y permiten variar los placeres durante toda la semana.<\/p>\n<h2>El mercado nocturno: pasear bajo las estrellas<\/h2>\n<p>Cuando el sol se pone, los muelles del puerto adquieren otra dimensi\u00f3n. De mediados de junio a mediados de septiembre, el <strong>mercado artesanal nocturno de Argel\u00e8s-sur-Mer<\/strong> acoge cada noche a una treintena de artesanos. Joyas, jabones naturales, cer\u00e1mica, bolsos de corcho, objetos decorativos: es el lugar ideal para encontrar un recuerdo original. El ambiente es relajado, mecido por la brisa marina y las luces del puerto. Un agradable paseo para hacer <strong>en familia despu\u00e9s de cenar<\/strong>, que gusta tanto a adultos como a ni\u00f1os.    <\/p>\n<p><strong>Lo favorito de los visitantes:<\/strong> el mercado nocturno del puerto es uno de los momentos preferidos de las familias de vacaciones en Argel\u00e8s. El ambiente es tranquilo, los ni\u00f1os pasean libremente por los muelles peatonales y se encuentran creaciones artesanales \u00fanicas, hechas por apasionados de la regi\u00f3n catalana. <\/p>\n<h2>\u00bfQu\u00e9 llevarse del mercado de Argel\u00e8s-sur-Mer?<\/h2>\n<p>Los puestos de los <strong>mercados de Argel\u00e8s-sur-Mer<\/strong> son una verdadera invitaci\u00f3n a descubrir los sabores del Rosell\u00f3n. Entre los productos estrella, encontrar\u00e1s las <strong>anchoas de Collioure<\/strong>, elaboradas seg\u00fan un saber hacer ancestral, la <strong>miel de Les Alberes<\/strong> con aromas florales y los <strong>vinos de C\u00f4tes du Roussillon<\/strong>. Los amantes de lo dulce se decantar\u00e1n por la mermelada casera de higos o los turrones, esas delicias catalanas a base de almendras. En cuanto a lo salado, las <strong>aceitunas de Lucques<\/strong> y el queso de cabra artesanal son apuestas seguras.   <\/p>\n<h2>Nuestros consejos para disfrutar de los mercados<\/h2>\n<p>Algunos trucos para que tu visita al <strong>mercado de Argel\u00e8s-sur-Mer<\/strong> sea un \u00e9xito: <\/p>\n<ul>\n<li>Prioriza la <strong>primera hora de la ma\u00f1ana<\/strong> (antes de las 9:00) para evitar las aglomeraciones veraniegas y disfrutar de los mejores productos.<\/li>\n<li>Prepara una <strong>bolsa reutilizable<\/strong> y dinero en efectivo para facilitar tus compras a los peque\u00f1os productores.<\/li>\n<li>No dudes en <strong>hablar con los comerciantes<\/strong>: con gusto compartir\u00e1n consejos de preparaci\u00f3n y recetas locales.<\/li>\n<li>Desde nuestro camping, el centro del pueblo es f\u00e1cilmente accesible <strong>en bicicleta o en autob\u00fas<\/strong>, lo que hace que la excursi\u00f3n sea a\u00fan m\u00e1s agradable.<\/li>\n<\/ul>\n<p>\u00bfBuscas una estancia donde se combinen <strong>el relax, el descubrimiento de la gastronom\u00eda catalana y momentos en familia<\/strong>? Los mercados de Argel\u00e8s-sur-Mer son una de las muchas razones que hacen que este destino sea encantador. \u00bfY si te instalas en un entorno tranquilo y arbolado, a solo 3 kil\u00f3metros de los coloridos puestos? \u00a1Descubre nuestros alojamientos en el camping Le M\u00e9diterran\u00e9e y reserva ya tus pr\u00f3ximas vacaciones en Argel\u00e8s-sur-Mer!   <\/p>\n<p><iframe loading=\"lazy\" title=\"Argel\u00e8s-sur-Mer: un nuevo mercado de productores en el puerto\" src=\"https:\/\/www.youtube.com\/embed\/A5NUCzUA-dM\" width=\"1500\" height=\"570\" frameborder=\"0\" allowfullscreen=\"allowfullscreen\"><\/iframe><\/p>\n<h2>Preguntas frecuentes - Mercado de Argel\u00e8s-sur-Mer<\/h2>\n<h3>\u00bfQu\u00e9 d\u00edas hay mercado en Argel\u00e8s-sur-Mer?<\/h3>\n<p>Los d\u00edas de mercado en Argel\u00e8s-sur-Mer son los <strong>mi\u00e9rcoles y s\u00e1bados<\/strong> durante todo el a\u00f1o en el pueblo. En verano, hay mercados adicionales los lunes, mi\u00e9rcoles y viernes en Argel\u00e8s-Plage, y los martes (ecol\u00f3gico) y domingos en el puerto. El mercado artesanal nocturno se celebra todas las noches de mediados de junio a mediados de septiembre.  <\/p>\n<h3>\u00bfD\u00f3nde se encuentra el mercado tradicional de Argel\u00e8s-sur-Mer?<\/h3>\n<p>El mercado tradicional de Argel\u00e8s-sur-Mer se encuentra en la <strong>plaza de la Rep\u00fablica<\/strong>, en el coraz\u00f3n del pueblo. Es un mercado al aire libre que re\u00fane a unos sesenta comerciantes que ofrecen frutas, verduras, quesos, embutidos y especialidades catalanas, en un ambiente agradable y aut\u00e9ntico. <\/p>\n<h3>\u00bfA qu\u00e9 hora abre el mercado de Argel\u00e8s-sur-Mer?<\/h3>\n<p>El mercado de Argel\u00e8s-sur-Mer abre sus puertas a las <strong>7:00 de la ma\u00f1ana y cierra a las 13:00<\/strong>. Para los mercados nocturnos del puerto, los puestos est\u00e1n abiertos a partir de las 17:00 y hasta la medianoche aproximadamente. Se recomienda llegar temprano por la ma\u00f1ana para disfrutar de la mayor variedad.  <\/p>\n","protected":false},"excerpt":{"rendered":"<p>\u00bfEst\u00e1s preparando tus vacaciones en los Pirineos Orientales o ya est\u00e1s alojado en nuestro camping en Argel\u00e8s-sur-Mer y te preguntas cu\u00e1ndo y d\u00f3nde se celebra el mercado? Buenas noticias: la localidad costera ofrece varios mercados durante toda la semana, desde el tradicional mercado del pueblo hasta los puestos nocturnos del puerto. \u00a1Aqu\u00ed tienes todo lo [&hellip;]<\/p>\n","protected":false},"author":4,"featured_media":77409,"comment_status":"open","ping_status":"closed","sticky":false,"template":"","format":"standard","meta":{"_acf_changed":false,"inline_featured_image":false,"footnotes":""},"categories":[100],"tags":[],"class_list":["post-77408","post","type-post","status-publish","format-standard","has-post-thumbnail","hentry","category-argeles-sur-mer-la-costa-bermeja"],"acf":[],"yoast_head":"<!-- This site is optimized with the Yoast SEO plugin v27.5 - https:\/\/yoast.com\/product\/yoast-seo-wordpress\/ -->\n<title>Mercado de Argel\u00e8s-sur-Mer: d\u00edas, horarios e imprescindibles<\/title>\n<meta name=\"description\" content=\"Frutas locales, artesan\u00eda catalana, mercados nocturnos: descubre el mercado de Argel\u00e8s-sur-Mer, sus horarios y nuestros consejos para disfrutarlo al m\u00e1ximo.\" \/>\n<meta name=\"robots\" content=\"index, follow, max-snippet:-1, max-image-preview:large, max-video-preview:-1\" \/>\n<link rel=\"canonical\" href=\"https:\/\/www.lemediterranee-argeles.fr\/es\/argeles-sur-mer-la-costa-bermeja\/mercado-de-argeles-sur-mer-dias-horarios-y-productos-imprescindibles\/\" \/>\n<meta property=\"og:locale\" content=\"es_ES\" \/>\n<meta property=\"og:type\" content=\"article\" \/>\n<meta property=\"og:title\" content=\"Mercado de Argel\u00e8s-sur-Mer: d\u00edas, horarios e imprescindibles\" \/>\n<meta property=\"og:description\" content=\"Frutas locales, artesan\u00eda catalana, mercados nocturnos: descubre el mercado de Argel\u00e8s-sur-Mer, sus horarios y nuestros consejos para disfrutarlo al m\u00e1ximo.\" \/>\n<meta property=\"og:url\" content=\"https:\/\/www.lemediterranee-argeles.fr\/es\/argeles-sur-mer-la-costa-bermeja\/mercado-de-argeles-sur-mer-dias-horarios-y-productos-imprescindibles\/\" \/>\n<meta property=\"og:site_name\" content=\"Camping le M\u00e9diterran\u00e9e \u00e0 Argeles\" \/>\n<meta property=\"article:published_time\" content=\"2026-03-25T09:44:47+00:00\" \/>\n<meta name=\"author\" content=\"camille@premierepage.fr\" \/>\n<meta name=\"twitter:card\" content=\"summary_large_image\" \/>\n<meta name=\"twitter:label1\" content=\"Escrito por\" \/>\n\t<meta name=\"twitter:data1\" content=\"camille@premierepage.fr\" \/>\n\t<meta name=\"twitter:label2\" content=\"Tiempo de lectura\" \/>\n\t<meta name=\"twitter:data2\" content=\"6 minutos\" \/>\n<script type=\"application\/ld+json\" class=\"yoast-schema-graph\">{\"@context\":\"https:\\\/\\\/schema.org\",\"@graph\":[{\"@type\":\"Article\",\"@id\":\"https:\\\/\\\/www.lemediterranee-argeles.fr\\\/es\\\/argeles-sur-mer-la-costa-bermeja\\\/mercado-de-argeles-sur-mer-dias-horarios-y-productos-imprescindibles\\\/#article\",\"isPartOf\":{\"@id\":\"https:\\\/\\\/www.lemediterranee-argeles.fr\\\/es\\\/argeles-sur-mer-la-costa-bermeja\\\/mercado-de-argeles-sur-mer-dias-horarios-y-productos-imprescindibles\\\/\"},\"author\":{\"name\":\"camille@premierepage.fr\",\"@id\":\"https:\\\/\\\/www.lemediterranee-argeles.fr\\\/es\\\/#\\\/schema\\\/person\\\/ec436179a8db029338c3e6bb37e69dd1\"},\"headline\":\"Mercado de Argel\u00e8s-sur-Mer: d\u00edas, horarios y productos imprescindibles\",\"datePublished\":\"2026-03-25T09:44:47+00:00\",\"mainEntityOfPage\":{\"@id\":\"https:\\\/\\\/www.lemediterranee-argeles.fr\\\/es\\\/argeles-sur-mer-la-costa-bermeja\\\/mercado-de-argeles-sur-mer-dias-horarios-y-productos-imprescindibles\\\/\"},\"wordCount\":1148,\"commentCount\":0,\"image\":{\"@id\":\"https:\\\/\\\/www.lemediterranee-argeles.fr\\\/es\\\/argeles-sur-mer-la-costa-bermeja\\\/mercado-de-argeles-sur-mer-dias-horarios-y-productos-imprescindibles\\\/#primaryimage\"},\"thumbnailUrl\":\"https:\\\/\\\/www.lemediterranee-argeles.fr\\\/wp-content\\\/uploads\\\/2026\\\/03\\\/Marche-Argeles-sur-Mer.jpg\",\"articleSection\":[\"Argel\u00e8s sur Mer &amp; la Costa Bermeja\"],\"inLanguage\":\"es\",\"potentialAction\":[{\"@type\":\"CommentAction\",\"name\":\"Comment\",\"target\":[\"https:\\\/\\\/www.lemediterranee-argeles.fr\\\/es\\\/argeles-sur-mer-la-costa-bermeja\\\/mercado-de-argeles-sur-mer-dias-horarios-y-productos-imprescindibles\\\/#respond\"]}]},{\"@type\":\"WebPage\",\"@id\":\"https:\\\/\\\/www.lemediterranee-argeles.fr\\\/es\\\/argeles-sur-mer-la-costa-bermeja\\\/mercado-de-argeles-sur-mer-dias-horarios-y-productos-imprescindibles\\\/\",\"url\":\"https:\\\/\\\/www.lemediterranee-argeles.fr\\\/es\\\/argeles-sur-mer-la-costa-bermeja\\\/mercado-de-argeles-sur-mer-dias-horarios-y-productos-imprescindibles\\\/\",\"name\":\"Mercado de Argel\u00e8s-sur-Mer: d\u00edas, horarios e imprescindibles\",\"isPartOf\":{\"@id\":\"https:\\\/\\\/www.lemediterranee-argeles.fr\\\/es\\\/#website\"},\"primaryImageOfPage\":{\"@id\":\"https:\\\/\\\/www.lemediterranee-argeles.fr\\\/es\\\/argeles-sur-mer-la-costa-bermeja\\\/mercado-de-argeles-sur-mer-dias-horarios-y-productos-imprescindibles\\\/#primaryimage\"},\"image\":{\"@id\":\"https:\\\/\\\/www.lemediterranee-argeles.fr\\\/es\\\/argeles-sur-mer-la-costa-bermeja\\\/mercado-de-argeles-sur-mer-dias-horarios-y-productos-imprescindibles\\\/#primaryimage\"},\"thumbnailUrl\":\"https:\\\/\\\/www.lemediterranee-argeles.fr\\\/wp-content\\\/uploads\\\/2026\\\/03\\\/Marche-Argeles-sur-Mer.jpg\",\"datePublished\":\"2026-03-25T09:44:47+00:00\",\"author\":{\"@id\":\"https:\\\/\\\/www.lemediterranee-argeles.fr\\\/es\\\/#\\\/schema\\\/person\\\/ec436179a8db029338c3e6bb37e69dd1\"},\"description\":\"Frutas locales, artesan\u00eda catalana, mercados nocturnos: descubre el mercado de Argel\u00e8s-sur-Mer, sus horarios y nuestros consejos para disfrutarlo al m\u00e1ximo.\",\"breadcrumb\":{\"@id\":\"https:\\\/\\\/www.lemediterranee-argeles.fr\\\/es\\\/argeles-sur-mer-la-costa-bermeja\\\/mercado-de-argeles-sur-mer-dias-horarios-y-productos-imprescindibles\\\/#breadcrumb\"},\"inLanguage\":\"es\",\"potentialAction\":[{\"@type\":\"ReadAction\",\"target\":[\"https:\\\/\\\/www.lemediterranee-argeles.fr\\\/es\\\/argeles-sur-mer-la-costa-bermeja\\\/mercado-de-argeles-sur-mer-dias-horarios-y-productos-imprescindibles\\\/\"]}]},{\"@type\":\"ImageObject\",\"inLanguage\":\"es\",\"@id\":\"https:\\\/\\\/www.lemediterranee-argeles.fr\\\/es\\\/argeles-sur-mer-la-costa-bermeja\\\/mercado-de-argeles-sur-mer-dias-horarios-y-productos-imprescindibles\\\/#primaryimage\",\"url\":\"https:\\\/\\\/www.lemediterranee-argeles.fr\\\/wp-content\\\/uploads\\\/2026\\\/03\\\/Marche-Argeles-sur-Mer.jpg\",\"contentUrl\":\"https:\\\/\\\/www.lemediterranee-argeles.fr\\\/wp-content\\\/uploads\\\/2026\\\/03\\\/Marche-Argeles-sur-Mer.jpg\",\"width\":1276,\"height\":707,\"caption\":\"March\u00e9 Argel\u00e8s Sur Mer\"},{\"@type\":\"BreadcrumbList\",\"@id\":\"https:\\\/\\\/www.lemediterranee-argeles.fr\\\/es\\\/argeles-sur-mer-la-costa-bermeja\\\/mercado-de-argeles-sur-mer-dias-horarios-y-productos-imprescindibles\\\/#breadcrumb\",\"itemListElement\":[{\"@type\":\"ListItem\",\"position\":1,\"name\":\"Camping Argel\u00e8s-sur-Mer\",\"item\":\"https:\\\/\\\/www.lemediterranee-argeles.fr\\\/es\\\/\"},{\"@type\":\"ListItem\",\"position\":2,\"name\":\"Sin categor\u00eda\",\"item\":\"https:\\\/\\\/www.lemediterranee-argeles.fr\\\/es\\\/.\\\/sin-categoria\\\/\"},{\"@type\":\"ListItem\",\"position\":3,\"name\":\"Mercados y productos locales\"}]},{\"@type\":\"WebSite\",\"@id\":\"https:\\\/\\\/www.lemediterranee-argeles.fr\\\/es\\\/#website\",\"url\":\"https:\\\/\\\/www.lemediterranee-argeles.fr\\\/es\\\/\",\"name\":\"Camping Le M\u00e9diterran\u00e9e Argel\u00e8s\",\"description\":\"\",\"potentialAction\":[{\"@type\":\"SearchAction\",\"target\":{\"@type\":\"EntryPoint\",\"urlTemplate\":\"https:\\\/\\\/www.lemediterranee-argeles.fr\\\/es\\\/?s={search_term_string}\"},\"query-input\":{\"@type\":\"PropertyValueSpecification\",\"valueRequired\":true,\"valueName\":\"search_term_string\"}}],\"inLanguage\":\"es\"},{\"@type\":\"Person\",\"@id\":\"https:\\\/\\\/www.lemediterranee-argeles.fr\\\/es\\\/#\\\/schema\\\/person\\\/ec436179a8db029338c3e6bb37e69dd1\",\"name\":\"camille@premierepage.fr\",\"image\":{\"@type\":\"ImageObject\",\"inLanguage\":\"es\",\"@id\":\"https:\\\/\\\/secure.gravatar.com\\\/avatar\\\/02d6d3c0cad32d9a6742633807dd2661099e179a02e88ab3dd632f91dd4a4e51?s=96&d=mm&r=g\",\"url\":\"https:\\\/\\\/secure.gravatar.com\\\/avatar\\\/02d6d3c0cad32d9a6742633807dd2661099e179a02e88ab3dd632f91dd4a4e51?s=96&d=mm&r=g\",\"contentUrl\":\"https:\\\/\\\/secure.gravatar.com\\\/avatar\\\/02d6d3c0cad32d9a6742633807dd2661099e179a02e88ab3dd632f91dd4a4e51?s=96&d=mm&r=g\",\"caption\":\"camille@premierepage.fr\"}}]}<\/script>\n<!-- \/ Yoast SEO plugin. -->","yoast_head_json":{"title":"Mercado de Argel\u00e8s-sur-Mer: d\u00edas, horarios e imprescindibles","description":"Frutas locales, artesan\u00eda catalana, mercados nocturnos: descubre el mercado de Argel\u00e8s-sur-Mer, sus horarios y nuestros consejos para disfrutarlo al m\u00e1ximo.","robots":{"index":"index","follow":"follow","max-snippet":"max-snippet:-1","max-image-preview":"max-image-preview:large","max-video-preview":"max-video-preview:-1"},"canonical":"https:\/\/www.lemediterranee-argeles.fr\/es\/argeles-sur-mer-la-costa-bermeja\/mercado-de-argeles-sur-mer-dias-horarios-y-productos-imprescindibles\/","og_locale":"es_ES","og_type":"article","og_title":"Mercado de Argel\u00e8s-sur-Mer: d\u00edas, horarios e imprescindibles","og_description":"Frutas locales, artesan\u00eda catalana, mercados nocturnos: descubre el mercado de Argel\u00e8s-sur-Mer, sus horarios y nuestros consejos para disfrutarlo al m\u00e1ximo.","og_url":"https:\/\/www.lemediterranee-argeles.fr\/es\/argeles-sur-mer-la-costa-bermeja\/mercado-de-argeles-sur-mer-dias-horarios-y-productos-imprescindibles\/","og_site_name":"Camping le M\u00e9diterran\u00e9e \u00e0 Argeles","article_published_time":"2026-03-25T09:44:47+00:00","author":"camille@premierepage.fr","twitter_card":"summary_large_image","twitter_misc":{"Escrito por":"camille@premierepage.fr","Tiempo de lectura":"6 minutos"},"schema":{"@context":"https:\/\/schema.org","@graph":[{"@type":"Article","@id":"https:\/\/www.lemediterranee-argeles.fr\/es\/argeles-sur-mer-la-costa-bermeja\/mercado-de-argeles-sur-mer-dias-horarios-y-productos-imprescindibles\/#article","isPartOf":{"@id":"https:\/\/www.lemediterranee-argeles.fr\/es\/argeles-sur-mer-la-costa-bermeja\/mercado-de-argeles-sur-mer-dias-horarios-y-productos-imprescindibles\/"},"author":{"name":"camille@premierepage.fr","@id":"https:\/\/www.lemediterranee-argeles.fr\/es\/#\/schema\/person\/ec436179a8db029338c3e6bb37e69dd1"},"headline":"Mercado de Argel\u00e8s-sur-Mer: d\u00edas, horarios y productos imprescindibles","datePublished":"2026-03-25T09:44:47+00:00","mainEntityOfPage":{"@id":"https:\/\/www.lemediterranee-argeles.fr\/es\/argeles-sur-mer-la-costa-bermeja\/mercado-de-argeles-sur-mer-dias-horarios-y-productos-imprescindibles\/"},"wordCount":1148,"commentCount":0,"image":{"@id":"https:\/\/www.lemediterranee-argeles.fr\/es\/argeles-sur-mer-la-costa-bermeja\/mercado-de-argeles-sur-mer-dias-horarios-y-productos-imprescindibles\/#primaryimage"},"thumbnailUrl":"https:\/\/www.lemediterranee-argeles.fr\/wp-content\/uploads\/2026\/03\/Marche-Argeles-sur-Mer.jpg","articleSection":["Argel\u00e8s sur Mer &amp; la Costa Bermeja"],"inLanguage":"es","potentialAction":[{"@type":"CommentAction","name":"Comment","target":["https:\/\/www.lemediterranee-argeles.fr\/es\/argeles-sur-mer-la-costa-bermeja\/mercado-de-argeles-sur-mer-dias-horarios-y-productos-imprescindibles\/#respond"]}]},{"@type":"WebPage","@id":"https:\/\/www.lemediterranee-argeles.fr\/es\/argeles-sur-mer-la-costa-bermeja\/mercado-de-argeles-sur-mer-dias-horarios-y-productos-imprescindibles\/","url":"https:\/\/www.lemediterranee-argeles.fr\/es\/argeles-sur-mer-la-costa-bermeja\/mercado-de-argeles-sur-mer-dias-horarios-y-productos-imprescindibles\/","name":"Mercado de Argel\u00e8s-sur-Mer: d\u00edas, horarios e imprescindibles","isPartOf":{"@id":"https:\/\/www.lemediterranee-argeles.fr\/es\/#website"},"primaryImageOfPage":{"@id":"https:\/\/www.lemediterranee-argeles.fr\/es\/argeles-sur-mer-la-costa-bermeja\/mercado-de-argeles-sur-mer-dias-horarios-y-productos-imprescindibles\/#primaryimage"},"image":{"@id":"https:\/\/www.lemediterranee-argeles.fr\/es\/argeles-sur-mer-la-costa-bermeja\/mercado-de-argeles-sur-mer-dias-horarios-y-productos-imprescindibles\/#primaryimage"},"thumbnailUrl":"https:\/\/www.lemediterranee-argeles.fr\/wp-content\/uploads\/2026\/03\/Marche-Argeles-sur-Mer.jpg","datePublished":"2026-03-25T09:44:47+00:00","author":{"@id":"https:\/\/www.lemediterranee-argeles.fr\/es\/#\/schema\/person\/ec436179a8db029338c3e6bb37e69dd1"},"description":"Frutas locales, artesan\u00eda catalana, mercados nocturnos: descubre el mercado de Argel\u00e8s-sur-Mer, sus horarios y nuestros consejos para disfrutarlo al m\u00e1ximo.","breadcrumb":{"@id":"https:\/\/www.lemediterranee-argeles.fr\/es\/argeles-sur-mer-la-costa-bermeja\/mercado-de-argeles-sur-mer-dias-horarios-y-productos-imprescindibles\/#breadcrumb"},"inLanguage":"es","potentialAction":[{"@type":"ReadAction","target":["https:\/\/www.lemediterranee-argeles.fr\/es\/argeles-sur-mer-la-costa-bermeja\/mercado-de-argeles-sur-mer-dias-horarios-y-productos-imprescindibles\/"]}]},{"@type":"ImageObject","inLanguage":"es","@id":"https:\/\/www.lemediterranee-argeles.fr\/es\/argeles-sur-mer-la-costa-bermeja\/mercado-de-argeles-sur-mer-dias-horarios-y-productos-imprescindibles\/#primaryimage","url":"https:\/\/www.lemediterranee-argeles.fr\/wp-content\/uploads\/2026\/03\/Marche-Argeles-sur-Mer.jpg","contentUrl":"https:\/\/www.lemediterranee-argeles.fr\/wp-content\/uploads\/2026\/03\/Marche-Argeles-sur-Mer.jpg","width":1276,"height":707,"caption":"March\u00e9 Argel\u00e8s Sur Mer"},{"@type":"BreadcrumbList","@id":"https:\/\/www.lemediterranee-argeles.fr\/es\/argeles-sur-mer-la-costa-bermeja\/mercado-de-argeles-sur-mer-dias-horarios-y-productos-imprescindibles\/#breadcrumb","itemListElement":[{"@type":"ListItem","position":1,"name":"Camping Argel\u00e8s-sur-Mer","item":"https:\/\/www.lemediterranee-argeles.fr\/es\/"},{"@type":"ListItem","position":2,"name":"Sin categor\u00eda","item":"https:\/\/www.lemediterranee-argeles.fr\/es\/.\/sin-categoria\/"},{"@type":"ListItem","position":3,"name":"Mercados y productos locales"}]},{"@type":"WebSite","@id":"https:\/\/www.lemediterranee-argeles.fr\/es\/#website","url":"https:\/\/www.lemediterranee-argeles.fr\/es\/","name":"Camping Le M\u00e9diterran\u00e9e Argel\u00e8s","description":"","potentialAction":[{"@type":"SearchAction","target":{"@type":"EntryPoint","urlTemplate":"https:\/\/www.lemediterranee-argeles.fr\/es\/?s={search_term_string}"},"query-input":{"@type":"PropertyValueSpecification","valueRequired":true,"valueName":"search_term_string"}}],"inLanguage":"es"},{"@type":"Person","@id":"https:\/\/www.lemediterranee-argeles.fr\/es\/#\/schema\/person\/ec436179a8db029338c3e6bb37e69dd1","name":"camille@premierepage.fr","image":{"@type":"ImageObject","inLanguage":"es","@id":"https:\/\/secure.gravatar.com\/avatar\/02d6d3c0cad32d9a6742633807dd2661099e179a02e88ab3dd632f91dd4a4e51?s=96&d=mm&r=g","url":"https:\/\/secure.gravatar.com\/avatar\/02d6d3c0cad32d9a6742633807dd2661099e179a02e88ab3dd632f91dd4a4e51?s=96&d=mm&r=g","contentUrl":"https:\/\/secure.gravatar.com\/avatar\/02d6d3c0cad32d9a6742633807dd2661099e179a02e88ab3dd632f91dd4a4e51?s=96&d=mm&r=g","caption":"camille@premierepage.fr"}}]}},"_links":{"self":[{"href":"https:\/\/www.lemediterranee-argeles.fr\/es\/wp-json\/wp\/v2\/posts\/77408","targetHints":{"allow":["GET"]}}],"collection":[{"href":"https:\/\/www.lemediterranee-argeles.fr\/es\/wp-json\/wp\/v2\/posts"}],"about":[{"href":"https:\/\/www.lemediterranee-argeles.fr\/es\/wp-json\/wp\/v2\/types\/post"}],"author":[{"embeddable":true,"href":"https:\/\/www.lemediterranee-argeles.fr\/es\/wp-json\/wp\/v2\/users\/4"}],"replies":[{"embeddable":true,"href":"https:\/\/www.lemediterranee-argeles.fr\/es\/wp-json\/wp\/v2\/comments?post=77408"}],"version-history":[{"count":0,"href":"https:\/\/www.lemediterranee-argeles.fr\/es\/wp-json\/wp\/v2\/posts\/77408\/revisions"}],"wp:featuredmedia":[{"embeddable":true,"href":"https:\/\/www.lemediterranee-argeles.fr\/es\/wp-json\/wp\/v2\/media\/77409"}],"wp:attachment":[{"href":"https:\/\/www.lemediterranee-argeles.fr\/es\/wp-json\/wp\/v2\/media?parent=77408"}],"wp:term":[{"taxonomy":"category","embeddable":true,"href":"https:\/\/www.lemediterranee-argeles.fr\/es\/wp-json\/wp\/v2\/categories?post=77408"},{"taxonomy":"post_tag","embeddable":true,"href":"https:\/\/www.lemediterranee-argeles.fr\/es\/wp-json\/wp\/v2\/tags?post=77408"}],"curies":[{"name":"wp","href":"https:\/\/api.w.org\/{rel}","templated":true}]}}